{"result_html":"\t<div class=\"tool-bar\">\n\t\t<div class=\"row\">\n\t\t\t<div class=\"col-md-3 col-xs-6\">\n\t\t\t\t<div class=\"btn-group btn-group-sm\">\n\t\t\t\t\t\t\t\t\t\t\t<button type=\"button\" onclick=\"category_view.changeView('grid', 1, 'btn-grid-1')\" class=\"btn btn-default btn-custom-view btn-grid-1\" data-toggle=\"tooltip\" title=\"1\">1<\/button>\n\t\t\t\t\t\t<button type=\"button\" onclick=\"category_view.changeView('grid', 2, 'btn-grid-2')\" class=\"btn btn-default btn-custom-view btn-grid-2\" data-toggle=\"tooltip\" title=\"2\">2<\/button>\n\t\t\t\t\t\t<button type=\"button\" onclick=\"category_view.changeView('grid', 3, 'btn-grid-3')\" class=\"btn btn-default btn-custom-view btn-grid-3\" data-toggle=\"tooltip\" title=\"3\">3<\/button>\n\t\t\t\t\t\t<button type=\"button\" onclick=\"category_view.changeView('grid', 4, 'btn-grid-4')\" class=\"btn btn-default btn-custom-view btn-grid-4\" data-toggle=\"tooltip\" title=\"4\">4<\/button>\n\t\t\t\t\t\t<button type=\"button\" onclick=\"category_view.changeView('grid', 5, 'btn-grid-5')\" class=\"btn btn-default btn-custom-view btn-grid-5\" data-toggle=\"tooltip\" title=\"5\">5<\/button>\n\t\t\t\t\t\t<button type=\"button\" onclick=\"category_view.changeView('list', 0, 'btn-list')\" class=\"btn btn-default btn-custom-view btn-list\" data-toggle=\"tooltip\" title=\"Lista\"><i class=\"icon ion-android-menu\"><\/i><\/button>\n\t\t\t\t\t\t<input type=\"hidden\" id=\"category-view-type\" value=\"grid\" \/>\n\t\t\t\t\t\t<input type=\"hidden\" id=\"category-grid-cols\" value=\"4\" \/>\n\t\t\t\t\t\t\t\t\t<\/div>\n\t\t\t<\/div>\n\t\t\t<div class=\"col-md-3 col-xs-6\">\n\t\t\t\t<div class=\"form-group\"><a href=\"https:\/\/acortinadecoracoes.com\/index.php?route=product\/compare\" id=\"compare-total\" class=\"btn btn-link\">Produtos na compara\u00e7\u00e3o (0)<\/a><\/div>\n\t\t\t<\/div>\n\t\t\t<div class=\"col-md-3 col-xs-6\">\n\t\t\t\t<div class=\"form-group input-group input-group-sm\">\n\t\t\t\t\t\t\t\t\t\t\t<label class=\"input-group-addon\" for=\"input-sort\">Ordenar por:<\/label>\n\t\t\t\t\t\t<select id=\"input-sort\" class=\"form-control\" onchange=\"ptfilter.filter(this.value);\">\n\t\t\t\t\t\t\t\t\t\t\t\t\t\t\t\t\t\t\t\t\t\t\t\t<option value=\"https:\/\/acortinadecoracoes.com\/index.php?route=plaza\/filter\/category&path=69&sort=p.sort_order&order=ASC\" selected=\"selected\">Padr\u00e3o<\/option>\n\t\t\t\t\t\t\t\t\t\t\t\t\t\t\t\t\t\t\t\t\t\t\t\t\t\t\t\t\t\t\t\t<option value=\"https:\/\/acortinadecoracoes.com\/index.php?route=plaza\/filter\/category&path=69&sort=pd.name&order=ASC\">Nome (A - Z)<\/option>\n\t\t\t\t\t\t\t\t\t\t\t\t\t\t\t\t\t\t\t\t\t\t\t\t\t\t\t\t\t\t\t\t<option value=\"https:\/\/acortinadecoracoes.com\/index.php?route=plaza\/filter\/category&path=69&sort=pd.name&order=DESC\">Nome (Z - A)<\/option>\n\t\t\t\t\t\t\t\t\t\t\t\t\t\t\t\t\t\t\t\t\t\t\t\t\t\t\t\t\t\t\t\t<option value=\"https:\/\/acortinadecoracoes.com\/index.php?route=plaza\/filter\/category&path=69&sort=p.price&order=ASC\">Pre\u00e7o (Menor &gt; Maior)<\/option>\n\t\t\t\t\t\t\t\t\t\t\t\t\t\t\t\t\t\t\t\t\t\t\t\t\t\t\t\t\t\t\t\t<option value=\"https:\/\/acortinadecoracoes.com\/index.php?route=plaza\/filter\/category&path=69&sort=p.price&order=DESC\">Pre\u00e7o (Maior &gt; Menor)<\/option>\n\t\t\t\t\t\t\t\t\t\t\t\t\t\t\t\t\t\t\t\t\t\t\t\t\t\t\t\t\t\t\t\t<option value=\"https:\/\/acortinadecoracoes.com\/index.php?route=plaza\/filter\/category&path=69&sort=p.model&order=ASC\">Modelo (A - Z)<\/option>\n\t\t\t\t\t\t\t\t\t\t\t\t\t\t\t\t\t\t\t\t\t\t\t\t\t\t\t\t\t\t\t\t<option value=\"https:\/\/acortinadecoracoes.com\/index.php?route=plaza\/filter\/category&path=69&sort=p.model&order=DESC\">Modelo (Z - A)<\/option>\n\t\t\t\t\t\t\t\t\t\t\t\t\t\t\t\t\t\t\t\t\t<\/select>\n\t\t\t\t\t\t\t\t\t<\/div>\n\t\t\t<\/div>\n\t\t\t<div class=\"col-md-3 col-xs-6\">\n\t\t\t\t<div class=\"form-group input-group input-group-sm\">\n\t\t\t\t\t\t\t\t\t\t\t<label class=\"input-group-addon\" for=\"input-limit\">Mostrar<\/label>\n\t\t\t\t\t\t<select id=\"input-limit\" class=\"form-control\" onchange=\"ptfilter.filter(this.value);\">\n\t\t\t\t\t\t\t\t\t\t\t\t\t\t\t\t\t\t\t\t\t\t\t\t<option value=\"https:\/\/acortinadecoracoes.com\/index.php?route=plaza\/filter\/category&path=69&limit=12\" selected=\"selected\">12<\/option>\n\t\t\t\t\t\t\t\t\t\t\t\t\t\t\t\t\t\t\t\t\t\t\t\t\t\t\t\t\t\t\t\t<option value=\"https:\/\/acortinadecoracoes.com\/index.php?route=plaza\/filter\/category&path=69&limit=25\">25<\/option>\n\t\t\t\t\t\t\t\t\t\t\t\t\t\t\t\t\t\t\t\t\t\t\t\t\t\t\t\t\t\t\t\t<option value=\"https:\/\/acortinadecoracoes.com\/index.php?route=plaza\/filter\/category&path=69&limit=50\">50<\/option>\n\t\t\t\t\t\t\t\t\t\t\t\t\t\t\t\t\t\t\t\t\t\t\t\t\t\t\t\t\t\t\t\t<option value=\"https:\/\/acortinadecoracoes.com\/index.php?route=plaza\/filter\/category&path=69&limit=75\">75<\/option>\n\t\t\t\t\t\t\t\t\t\t\t\t\t\t\t\t\t\t\t\t\t\t\t\t\t\t\t\t\t\t\t\t<option value=\"https:\/\/acortinadecoracoes.com\/index.php?route=plaza\/filter\/category&path=69&limit=100\">100<\/option>\n\t\t\t\t\t\t\t\t\t\t\t\t\t\t\t\t\t\t\t\t\t<\/select>\n\t\t\t\t\t\t\t\t\t<\/div>\n\t\t\t<\/div>\n\t\t<\/div>\n\t<\/div>\n    <div class=\"row\">\n\t\t\t\t\t<div class=\"product-layout product-list col-xs-12 product-items\">\n\t\t\t\t<div class=\"product-thumb\">\n\t\t\t\t\t<div class=\"product-item\">\t\n\t\t\t\t\t\t\n\t\t\t\t\t\t\t\t\t\t\t\t\t<div class=\"image swatches-image-container\">\n\t\t\t\t\t\t\t\t<div class=\"inner\">\n\t\t\t\t\t\t\t\t\t\t\t\t\t\t\t\t\t\t\t\t<div class=\"box-label\">\n\t\t\t\t\t\t\t\t\t\t\t\t\t\t\t\t\t\t\t\t\t\t\t\t\t\t\t\t\t\t\t\t\t\t\t\t\t<div><span class=\"pro-label new\"><\/span><\/div>\n\t\t\t\t\t\t\t\t\t\t\t\t\t\t\t\t\t\t\t\t\t\t\t<\/div>\n\t\t\t\t\t\t\t\t\t\t\t\t\t\t\t\t\t\t<a href=\"https:\/\/acortinadecoracoes.com\/por-medida\/estores-bandas-verticais-por-medida\">\n\t\t\t\t\t\t\t\t\t\t<img src=\"https:\/\/acortinadecoracoes.com\/image\/cache\/catalog\/2026\/BANDAS%20VERTICAIS\/IMG_0512-600x600.JPG\"  alt=\"Bandas Verticais\" title=\"Bandas Verticais\"\n\t\t\t\t\t\t\t\t\t\t\t class=\"img-responsive img-cate-389\" \/>\n\t\t\t\t\t\t\t\t\t\t<input type=\"hidden\" value=\"https:\/\/acortinadecoracoes.com\/image\/cache\/catalog\/2026\/BANDAS%20VERTICAIS\/IMG_0512-600x600.JPG\" class=\"img-default-389\" \/>\n\t\t\t\t\t\t\t\t\t\t\t\t\t\t\t\t\t\t\t<\/a>\n\t\t\t\t\t\t\t\t\t<div class=\"quickview\">\n\t\t\t\t\t\t\t\t\t\t\t\t\t\t\t\t\t\t\t<\/div>\n\t\t\t\t\t\t\t\t\t\n\t\t\t\t\t\t\t\t\t\n\t\t\t\t\t\t\t\t<\/div>\n\t\t\t\t\t\t\t<\/div>\n\t\t\t\t\t\t\t\n\t\t\t\t\t\t\t\t\t\t\t\t\n\t\t\t\t\t\t<div class=\"caption\">\n\t\t\t\t\t\t\t<div class=\"inner\">\n\t\t\t\t\t\t\t\t\n\t\t\t\t\t\t\t\t\t\t\t\t\t\t\t\t\n\t\t\t\t\t\t\t\t<h4><a href=\"https:\/\/acortinadecoracoes.com\/por-medida\/estores-bandas-verticais-por-medida\">Bandas Verticais<\/a><\/h4>\n\t\t\t\t\t\t\t\t\n\t\t\t\t\t\t\t\n\t\t\t\t\t\t\t\t\t\t\t\t\t\t\t\t\t<p class=\"price\"> \t\t\t\t\t\t\t\t\t\t\t0.00\u20ac\n\t\t\t\t\t\t\t\t\t\t\t\t\t\t\t\t\t\t\t\t <span class=\"price-tax\">Pre\u00e7o s\/ iva: 0.00\u20ac<\/span>  <\/p>\n\t\t\t\t\t\t\t\t\n\t\t\t\t\t\t\t\t<div class=\"box-hover\">\n\t\t\t\t\t\t\t\t\t\t\t\t\t\t\t\t\t\t\t\t\t\t\t\t\t\t\t\t\t\t\t\t\t\t\t\t\t\t\t\t\t\t\t\t\t\t\t\t\t\t\t\t\t\t\t\t<p class=\"product-description\">Os Estores de Bandas Verticais s\u00e3o a solu\u00e7\u00e3o perfeita para quem procura eleg\u00e2ncia, funcionalidade e controlo total da luz.\r\nIdeais para salas, escrit\u00f3rios ou grandes janelas, permi..<\/p>\n\t\t\t\t\t\t\t\t\t\t\t\t\t\t\t\t\t\t\t\t\t\t\t\t\t\t<\/div>\n\t\t\t\t\t\t\t<\/div>\n\t\t\t\t\t\t\t\n\t\t\t\t\t\t<\/div>\n\t\t\t\t\t\t\n\t\t\t\t\t<\/div>\n\t\t\t\t<\/div>\n\t\t\t<\/div>\n\t\t\t\t\t<div class=\"product-layout product-list col-xs-12 product-items\">\n\t\t\t\t<div class=\"product-thumb\">\n\t\t\t\t\t<div class=\"product-item\">\t\n\t\t\t\t\t\t\n\t\t\t\t\t\t\t\t\t\t\t\t\t<div class=\"image swatches-image-container\">\n\t\t\t\t\t\t\t\t<div class=\"inner\">\n\t\t\t\t\t\t\t\t\t\t\t\t\t\t\t\t\t\t\t\t<div class=\"box-label\">\n\t\t\t\t\t\t\t\t\t\t\t\t\t\t\t\t\t\t\t\t\t\t\t\t\t\t\t\t\t\t\t\t\t\t\t<\/div>\n\t\t\t\t\t\t\t\t\t\t\t\t\t\t\t\t\t\t<a href=\"https:\/\/acortinadecoracoes.com\/por-medida\/calha-onda-fixacao-teto\">\n\t\t\t\t\t\t\t\t\t\t<img src=\"https:\/\/acortinadecoracoes.com\/image\/cache\/catalog\/products_2024\/CALHA_5000_BRANCA1-600x600.png\"  alt=\"Calha Onda Teto\" title=\"Calha Onda Teto\"\n\t\t\t\t\t\t\t\t\t\t\t class=\"img-responsive img-cate-88\" \/>\n\t\t\t\t\t\t\t\t\t\t<input type=\"hidden\" value=\"https:\/\/acortinadecoracoes.com\/image\/cache\/catalog\/products_2024\/CALHA_5000_BRANCA1-600x600.png\" class=\"img-default-88\" \/>\n\t\t\t\t\t\t\t\t\t\t\t\t\t\t\t\t\t\t\t<\/a>\n\t\t\t\t\t\t\t\t\t<div class=\"quickview\">\n\t\t\t\t\t\t\t\t\t\t\t\t\t\t\t\t\t\t\t<\/div>\n\t\t\t\t\t\t\t\t\t\n\t\t\t\t\t\t\t\t\t\n\t\t\t\t\t\t\t\t<\/div>\n\t\t\t\t\t\t\t<\/div>\n\t\t\t\t\t\t\t\n\t\t\t\t\t\t\t\t\t\t\t\t\n\t\t\t\t\t\t<div class=\"caption\">\n\t\t\t\t\t\t\t<div class=\"inner\">\n\t\t\t\t\t\t\t\t\n\t\t\t\t\t\t\t\t\t\t\t\t\t\t\t\t\n\t\t\t\t\t\t\t\t<h4><a href=\"https:\/\/acortinadecoracoes.com\/por-medida\/calha-onda-fixacao-teto\">Calha Onda Teto<\/a><\/h4>\n\t\t\t\t\t\t\t\t\n\t\t\t\t\t\t\t\n\t\t\t\t\t\t\t\t\t\t\t\t\t\t\t\t\t<p class=\"price\"> \t\t\t\t\t\t\t\t\t\t\t0.00\u20ac\n\t\t\t\t\t\t\t\t\t\t\t\t\t\t\t\t\t\t\t\t <span class=\"price-tax\">Pre\u00e7o s\/ iva: 0.00\u20ac<\/span>  <\/p>\n\t\t\t\t\t\t\t\t\n\t\t\t\t\t\t\t\t<div class=\"box-hover\">\n\t\t\t\t\t\t\t\t\t\t\t\t\t\t\t\t\t\t\t\t\t\t\t\t\t\t\t\t\t\t\t\t\t\t\t\t\t\t\t\t\t\t\t\t\t\t\t\t\t\t\t\t\t\t\t\t<p class=\"product-description\">Calhas Onda Fixa\u00e7\u00e3o TetoEstas calhas s\u00e3o uma solu\u00e7\u00e3o moderna para pendurar os seus cortinados com o estilo perfeito. Fabricadas em alum\u00ednio, t\u00eam diferentes op\u00e7\u00f5es de personaliza\u00e7\u00e3o..<\/p>\n\t\t\t\t\t\t\t\t\t\t\t\t\t\t\t\t\t\t\t\t\t\t\t\t\t\t<\/div>\n\t\t\t\t\t\t\t<\/div>\n\t\t\t\t\t\t\t\n\t\t\t\t\t\t<\/div>\n\t\t\t\t\t\t\n\t\t\t\t\t<\/div>\n\t\t\t\t<\/div>\n\t\t\t<\/div>\n\t\t\t\t\t<div class=\"product-layout product-list col-xs-12 product-items\">\n\t\t\t\t<div class=\"product-thumb\">\n\t\t\t\t\t<div class=\"product-item\">\t\n\t\t\t\t\t\t\n\t\t\t\t\t\t\t\t\t\t\t\t\t<div class=\"image swatches-image-container\">\n\t\t\t\t\t\t\t\t<div class=\"inner\">\n\t\t\t\t\t\t\t\t\t\t\t\t\t\t\t\t\t\t\t\t<div class=\"box-label\">\n\t\t\t\t\t\t\t\t\t\t\t\t\t\t\t\t\t\t\t\t\t\t\t\t\t\t\t\t\t\t\t\t\t\t\t\t\t<div><span class=\"pro-label new\"><\/span><\/div>\n\t\t\t\t\t\t\t\t\t\t\t\t\t\t\t\t\t\t\t\t\t\t\t<\/div>\n\t\t\t\t\t\t\t\t\t\t\t\t\t\t\t\t\t\t<a href=\"https:\/\/acortinadecoracoes.com\/por-medida\/calha-embutir-manual-motorizada\">\n\t\t\t\t\t\t\t\t\t\t<img src=\"https:\/\/acortinadecoracoes.com\/image\/cache\/catalog\/2026\/CALHAS\/00-600x600.jpg\"  alt=\"Calhas Onda Embutidas \u2013 Sistema Manual e Motorizado\" title=\"Calhas Onda Embutidas \u2013 Sistema Manual e Motorizado\"\n\t\t\t\t\t\t\t\t\t\t\t class=\"img-responsive img-cate-388\" \/>\n\t\t\t\t\t\t\t\t\t\t<input type=\"hidden\" value=\"https:\/\/acortinadecoracoes.com\/image\/cache\/catalog\/2026\/CALHAS\/00-600x600.jpg\" class=\"img-default-388\" \/>\n\t\t\t\t\t\t\t\t\t\t\t\t\t\t\t\t\t\t\t<\/a>\n\t\t\t\t\t\t\t\t\t<div class=\"quickview\">\n\t\t\t\t\t\t\t\t\t\t\t\t\t\t\t\t\t\t\t<\/div>\n\t\t\t\t\t\t\t\t\t\n\t\t\t\t\t\t\t\t\t\n\t\t\t\t\t\t\t\t<\/div>\n\t\t\t\t\t\t\t<\/div>\n\t\t\t\t\t\t\t\n\t\t\t\t\t\t\t\t\t\t\t\t\n\t\t\t\t\t\t<div class=\"caption\">\n\t\t\t\t\t\t\t<div class=\"inner\">\n\t\t\t\t\t\t\t\t\n\t\t\t\t\t\t\t\t\t\t\t\t\t\t\t\t\n\t\t\t\t\t\t\t\t<h4><a href=\"https:\/\/acortinadecoracoes.com\/por-medida\/calha-embutir-manual-motorizada\">Calhas Onda Embutidas \u2013 Sistema Manual e Motorizado<\/a><\/h4>\n\t\t\t\t\t\t\t\t\n\t\t\t\t\t\t\t\n\t\t\t\t\t\t\t\t\t\t\t\t\t\t\t\t\t<p class=\"price\"> \t\t\t\t\t\t\t\t\t\t\t0.00\u20ac\n\t\t\t\t\t\t\t\t\t\t\t\t\t\t\t\t\t\t\t\t <span class=\"price-tax\">Pre\u00e7o s\/ iva: 0.00\u20ac<\/span>  <\/p>\n\t\t\t\t\t\t\t\t\n\t\t\t\t\t\t\t\t<div class=\"box-hover\">\n\t\t\t\t\t\t\t\t\t\t\t\t\t\t\t\t\t\t\t\t\t\t\t\t\t\t\t\t\t\t\t\t\t\t\t\t\t\t\t\t\t\t\t\t\t\t\t\t\t\t\t\t\t\t\t\t<p class=\"product-description\">Calhas Onda Embutidas \u2013 Sistema Manual e Motorizado\r\nAs calhas onda embutidas s\u00e3o a solu\u00e7\u00e3o ideal para quem procura um acabamento moderno, discreto e sofisticado em cortinas. Insta..<\/p>\n\t\t\t\t\t\t\t\t\t\t\t\t\t\t\t\t\t\t\t\t\t\t\t\t\t\t<\/div>\n\t\t\t\t\t\t\t<\/div>\n\t\t\t\t\t\t\t\n\t\t\t\t\t\t<\/div>\n\t\t\t\t\t\t\n\t\t\t\t\t<\/div>\n\t\t\t\t<\/div>\n\t\t\t<\/div>\n\t\t\t\t\t<div class=\"product-layout product-list col-xs-12 product-items\">\n\t\t\t\t<div class=\"product-thumb\">\n\t\t\t\t\t<div class=\"product-item\">\t\n\t\t\t\t\t\t\n\t\t\t\t\t\t\t\t\t\t\t\t\t<div class=\"image swatches-image-container\">\n\t\t\t\t\t\t\t\t<div class=\"inner\">\n\t\t\t\t\t\t\t\t\t\t\t\t\t\t\t\t\t\t\t\t<div class=\"box-label\">\n\t\t\t\t\t\t\t\t\t\t\t\t\t\t\t\t\t\t\t\t\t\t\t\t\t\t\t\t\t\t\t\t\t\t\t<\/div>\n\t\t\t\t\t\t\t\t\t\t\t\t\t\t\t\t\t\t<a href=\"https:\/\/acortinadecoracoes.com\/por-medida\/cortinados-medida-onda\">\n\t\t\t\t\t\t\t\t\t\t<img src=\"https:\/\/acortinadecoracoes.com\/image\/cache\/catalog\/products_2024\/2024_07_11_ANA_CRISTINA_2-600x600.jpg\"  alt=\"Cortinado Onda\" title=\"Cortinado Onda\"\n\t\t\t\t\t\t\t\t\t\t\t class=\"img-responsive img-cate-80\" \/>\n\t\t\t\t\t\t\t\t\t\t<input type=\"hidden\" value=\"https:\/\/acortinadecoracoes.com\/image\/cache\/catalog\/products_2024\/2024_07_11_ANA_CRISTINA_2-600x600.jpg\" class=\"img-default-80\" \/>\n\t\t\t\t\t\t\t\t\t\t\t\t\t\t\t\t\t\t\t<\/a>\n\t\t\t\t\t\t\t\t\t<div class=\"quickview\">\n\t\t\t\t\t\t\t\t\t\t\t\t\t\t\t\t\t\t\t<\/div>\n\t\t\t\t\t\t\t\t\t\n\t\t\t\t\t\t\t\t\t\n\t\t\t\t\t\t\t\t<\/div>\n\t\t\t\t\t\t\t<\/div>\n\t\t\t\t\t\t\t\n\t\t\t\t\t\t\t\t\t\t\t\t\n\t\t\t\t\t\t<div class=\"caption\">\n\t\t\t\t\t\t\t<div class=\"inner\">\n\t\t\t\t\t\t\t\t\n\t\t\t\t\t\t\t\t\t\t\t\t\t\t\t\t\n\t\t\t\t\t\t\t\t<h4><a href=\"https:\/\/acortinadecoracoes.com\/por-medida\/cortinados-medida-onda\">Cortinado Onda<\/a><\/h4>\n\t\t\t\t\t\t\t\t\n\t\t\t\t\t\t\t\n\t\t\t\t\t\t\t\t\t\t\t\t\t\t\t\t\t<p class=\"price\"> \t\t\t\t\t\t\t\t\t\t\t0.00\u20ac\n\t\t\t\t\t\t\t\t\t\t\t\t\t\t\t\t\t\t\t\t <span class=\"price-tax\">Pre\u00e7o s\/ iva: 0.00\u20ac<\/span>  <\/p>\n\t\t\t\t\t\t\t\t\n\t\t\t\t\t\t\t\t<div class=\"box-hover\">\n\t\t\t\t\t\t\t\t\t\t\t\t\t\t\t\t\t\t\t\t\t\t\t\t\t\t\t\t\t\t\t\t\t\t\t\t\t\t\t\t\t\t\t\t\t\t\t\t\t\t\t\t\t\t\t\t<p class=\"product-description\">Na Cortina Decora\u00e7\u00f5es, transformamos o seu espa\u00e7o com cortinas feitas \u00e0\r\nmedida, unindo eleg\u00e2ncia, funcionalidade e um toque de exclusividade.\r\n\r\nEspecialistas em decora\u00e7\u00e3o de inte..<\/p>\n\t\t\t\t\t\t\t\t\t\t\t\t\t\t\t\t\t\t\t\t\t\t\t\t\t\t<\/div>\n\t\t\t\t\t\t\t<\/div>\n\t\t\t\t\t\t\t\n\t\t\t\t\t\t<\/div>\n\t\t\t\t\t\t\n\t\t\t\t\t<\/div>\n\t\t\t\t<\/div>\n\t\t\t<\/div>\n\t\t\t\t\t<div class=\"product-layout product-list col-xs-12 product-items\">\n\t\t\t\t<div class=\"product-thumb\">\n\t\t\t\t\t<div class=\"product-item\">\t\n\t\t\t\t\t\t\n\t\t\t\t\t\t\t\t\t\t\t\t\t<div class=\"image swatches-image-container\">\n\t\t\t\t\t\t\t\t<div class=\"inner\">\n\t\t\t\t\t\t\t\t\t\t\t\t\t\t\t\t\t\t\t\t<div class=\"box-label\">\n\t\t\t\t\t\t\t\t\t\t\t\t\t\t\t\t\t\t\t\t\t\t\t\t\t\t\t\t\t\t\t\t\t\t\t<\/div>\n\t\t\t\t\t\t\t\t\t\t\t\t\t\t\t\t\t\t<a href=\"https:\/\/acortinadecoracoes.com\/por-medida\/cortinados-medida-tecido-translucido\">\n\t\t\t\t\t\t\t\t\t\t<img src=\"https:\/\/acortinadecoracoes.com\/image\/cache\/catalog\/products_2025\/JULIANA_RANCH_O_QUART_MENINA_29_03_2025-600x600.png\"  alt=\"Cortinado Onda\" title=\"Cortinado Onda\"\n\t\t\t\t\t\t\t\t\t\t\t class=\"img-responsive img-cate-282\" \/>\n\t\t\t\t\t\t\t\t\t\t<input type=\"hidden\" value=\"https:\/\/acortinadecoracoes.com\/image\/cache\/catalog\/products_2025\/JULIANA_RANCH_O_QUART_MENINA_29_03_2025-600x600.png\" class=\"img-default-282\" \/>\n\t\t\t\t\t\t\t\t\t\t\t\t\t\t\t\t\t\t\t<\/a>\n\t\t\t\t\t\t\t\t\t<div class=\"quickview\">\n\t\t\t\t\t\t\t\t\t\t\t\t\t\t\t\t\t\t\t<\/div>\n\t\t\t\t\t\t\t\t\t\n\t\t\t\t\t\t\t\t\t\n\t\t\t\t\t\t\t\t<\/div>\n\t\t\t\t\t\t\t<\/div>\n\t\t\t\t\t\t\t\n\t\t\t\t\t\t\t\t\t\t\t\t\n\t\t\t\t\t\t<div class=\"caption\">\n\t\t\t\t\t\t\t<div class=\"inner\">\n\t\t\t\t\t\t\t\t\n\t\t\t\t\t\t\t\t\t\t\t\t\t\t\t\t\n\t\t\t\t\t\t\t\t<h4><a href=\"https:\/\/acortinadecoracoes.com\/por-medida\/cortinados-medida-tecido-translucido\">Cortinado Onda<\/a><\/h4>\n\t\t\t\t\t\t\t\t\n\t\t\t\t\t\t\t\n\t\t\t\t\t\t\t\t\t\t\t\t\t\t\t\t\t<p class=\"price\"> \t\t\t\t\t\t\t\t\t\t\t0.00\u20ac\n\t\t\t\t\t\t\t\t\t\t\t\t\t\t\t\t\t\t\t\t <span class=\"price-tax\">Pre\u00e7o s\/ iva: 0.00\u20ac<\/span>  <\/p>\n\t\t\t\t\t\t\t\t\n\t\t\t\t\t\t\t\t<div class=\"box-hover\">\n\t\t\t\t\t\t\t\t\t\t\t\t\t\t\t\t\t\t\t\t\t\t\t\t\t\t\t\t\t\t\t\t\t\t\t\t\t\t\t\t\t\t\t\t\t\t\t\t\t\t\t\t\t\t\t\t<p class=\"product-description\">Na Cortina Decora\u00e7\u00f5es, transformamos o seu espa\u00e7o com cortinas feitas \u00e0\r\nmedida, unindo eleg\u00e2ncia, funcionalidade e um toque de exclusividade.\r\n\r\nEspecialistas em decora\u00e7\u00e3o de inte..<\/p>\n\t\t\t\t\t\t\t\t\t\t\t\t\t\t\t\t\t\t\t\t\t\t\t\t\t\t<\/div>\n\t\t\t\t\t\t\t<\/div>\n\t\t\t\t\t\t\t\n\t\t\t\t\t\t<\/div>\n\t\t\t\t\t\t\n\t\t\t\t\t<\/div>\n\t\t\t\t<\/div>\n\t\t\t<\/div>\n\t\t\t\t\t<div class=\"product-layout product-list col-xs-12 product-items\">\n\t\t\t\t<div class=\"product-thumb\">\n\t\t\t\t\t<div class=\"product-item\">\t\n\t\t\t\t\t\t\n\t\t\t\t\t\t\t\t\t\t\t\t\t<div class=\"image swatches-image-container\">\n\t\t\t\t\t\t\t\t<div class=\"inner\">\n\t\t\t\t\t\t\t\t\t\t\t\t\t\t\t\t\t\t\t\t<div class=\"box-label\">\n\t\t\t\t\t\t\t\t\t\t\t\t\t\t\t\t\t\t\t\t\t\t\t\t\t\t\t\t\t\t\t\t\t\t\t\t\t<div><span class=\"pro-label new\"><\/span><\/div>\n\t\t\t\t\t\t\t\t\t\t\t\t\t\t\t\t\t\t\t\t\t\t\t<\/div>\n\t\t\t\t\t\t\t\t\t\t\t\t\t\t\t\t\t\t<a href=\"https:\/\/acortinadecoracoes.com\/por-medida?product_id=390\">\n\t\t\t\t\t\t\t\t\t\t<img src=\"https:\/\/acortinadecoracoes.com\/image\/cache\/catalog\/2026\/CORTINAS\/SALA%200-600x600.jpg\"  alt=\"Cortinado Onda\" title=\"Cortinado Onda\"\n\t\t\t\t\t\t\t\t\t\t\t class=\"img-responsive img-cate-390\" \/>\n\t\t\t\t\t\t\t\t\t\t<input type=\"hidden\" value=\"https:\/\/acortinadecoracoes.com\/image\/cache\/catalog\/2026\/CORTINAS\/SALA%200-600x600.jpg\" class=\"img-default-390\" \/>\n\t\t\t\t\t\t\t\t\t\t\t\t\t\t\t\t\t\t\t<\/a>\n\t\t\t\t\t\t\t\t\t<div class=\"quickview\">\n\t\t\t\t\t\t\t\t\t\t\t\t\t\t\t\t\t\t\t<\/div>\n\t\t\t\t\t\t\t\t\t\n\t\t\t\t\t\t\t\t\t\n\t\t\t\t\t\t\t\t<\/div>\n\t\t\t\t\t\t\t<\/div>\n\t\t\t\t\t\t\t\n\t\t\t\t\t\t\t\t\t\t\t\t\n\t\t\t\t\t\t<div class=\"caption\">\n\t\t\t\t\t\t\t<div class=\"inner\">\n\t\t\t\t\t\t\t\t\n\t\t\t\t\t\t\t\t\t\t\t\t\t\t\t\t\n\t\t\t\t\t\t\t\t<h4><a href=\"https:\/\/acortinadecoracoes.com\/por-medida?product_id=390\">Cortinado Onda<\/a><\/h4>\n\t\t\t\t\t\t\t\t\n\t\t\t\t\t\t\t\n\t\t\t\t\t\t\t\t\t\t\t\t\t\t\t\t\t<p class=\"price\"> \t\t\t\t\t\t\t\t\t\t\t0.00\u20ac\n\t\t\t\t\t\t\t\t\t\t\t\t\t\t\t\t\t\t\t\t <span class=\"price-tax\">Pre\u00e7o s\/ iva: 0.00\u20ac<\/span>  <\/p>\n\t\t\t\t\t\t\t\t\n\t\t\t\t\t\t\t\t<div class=\"box-hover\">\n\t\t\t\t\t\t\t\t\t\t\t\t\t\t\t\t\t\t\t\t\t\t\t\t\t\t\t\t\t\t\t\t\t\t\t\t\t\t\t\t\t\t\t\t\t\t\t\t\t\t\t\t\t\t\t\t<p class=\"product-description\">Cortinados por MedidaNa\r\n Cortina Decora\u00e7\u00f5es, transformamos o seu espa\u00e7o com cortinas feitas \u00e0 \r\nmedida, unindo eleg\u00e2ncia, funcionalidade e um toque de exclusividade. \r\nEspecialist..<\/p>\n\t\t\t\t\t\t\t\t\t\t\t\t\t\t\t\t\t\t\t\t\t\t\t\t\t\t<\/div>\n\t\t\t\t\t\t\t<\/div>\n\t\t\t\t\t\t\t\n\t\t\t\t\t\t<\/div>\n\t\t\t\t\t\t\n\t\t\t\t\t<\/div>\n\t\t\t\t<\/div>\n\t\t\t<\/div>\n\t\t\t\t\t<div class=\"product-layout product-list col-xs-12 product-items\">\n\t\t\t\t<div class=\"product-thumb\">\n\t\t\t\t\t<div class=\"product-item\">\t\n\t\t\t\t\t\t\n\t\t\t\t\t\t\t\t\t\t\t\t\t<div class=\"image swatches-image-container\">\n\t\t\t\t\t\t\t\t<div class=\"inner\">\n\t\t\t\t\t\t\t\t\t\t\t\t\t\t\t\t\t\t\t\t<div class=\"box-label\">\n\t\t\t\t\t\t\t\t\t\t\t\t\t\t\t\t\t\t\t\t\t\t\t\t\t\t\t\t\t\t\t\t\t\t\t<\/div>\n\t\t\t\t\t\t\t\t\t\t\t\t\t\t\t\t\t\t<a href=\"https:\/\/acortinadecoracoes.com\/por-medida\/cortinas-quarto-cortinas-sala-cortinas-escrit\u00f3rio\">\n\t\t\t\t\t\t\t\t\t\t<img src=\"https:\/\/acortinadecoracoes.com\/image\/cache\/catalog\/products_2024\/ESTELA_SALA_JANTAR_0-600x600.jpg\"  alt=\"Cortinado Onda\" title=\"Cortinado Onda\"\n\t\t\t\t\t\t\t\t\t\t\t class=\"img-responsive img-cate-86\" \/>\n\t\t\t\t\t\t\t\t\t\t<input type=\"hidden\" value=\"https:\/\/acortinadecoracoes.com\/image\/cache\/catalog\/products_2024\/ESTELA_SALA_JANTAR_0-600x600.jpg\" class=\"img-default-86\" \/>\n\t\t\t\t\t\t\t\t\t\t\t\t\t\t\t\t\t\t\t<\/a>\n\t\t\t\t\t\t\t\t\t<div class=\"quickview\">\n\t\t\t\t\t\t\t\t\t\t\t\t\t\t\t\t\t\t\t<\/div>\n\t\t\t\t\t\t\t\t\t\n\t\t\t\t\t\t\t\t\t\n\t\t\t\t\t\t\t\t<\/div>\n\t\t\t\t\t\t\t<\/div>\n\t\t\t\t\t\t\t\n\t\t\t\t\t\t\t\t\t\t\t\t\n\t\t\t\t\t\t<div class=\"caption\">\n\t\t\t\t\t\t\t<div class=\"inner\">\n\t\t\t\t\t\t\t\t\n\t\t\t\t\t\t\t\t\t\t\t\t\t\t\t\t\n\t\t\t\t\t\t\t\t<h4><a href=\"https:\/\/acortinadecoracoes.com\/por-medida\/cortinas-quarto-cortinas-sala-cortinas-escrit\u00f3rio\">Cortinado Onda<\/a><\/h4>\n\t\t\t\t\t\t\t\t\n\t\t\t\t\t\t\t\n\t\t\t\t\t\t\t\t\t\t\t\t\t\t\t\t\t<p class=\"price\"> \t\t\t\t\t\t\t\t\t\t\t0.00\u20ac\n\t\t\t\t\t\t\t\t\t\t\t\t\t\t\t\t\t\t\t\t <span class=\"price-tax\">Pre\u00e7o s\/ iva: 0.00\u20ac<\/span>  <\/p>\n\t\t\t\t\t\t\t\t\n\t\t\t\t\t\t\t\t<div class=\"box-hover\">\n\t\t\t\t\t\t\t\t\t\t\t\t\t\t\t\t\t\t\t\t\t\t\t\t\t\t\t\t\t\t\t\t\t\t\t\t\t\t\t\t\t\t\t\t\t\t\t\t\t\t\t\t\t\t\t\t<p class=\"product-description\">Cortinados por Medida no Tecido 132ATecidos para Decora\u00e7\u00e3o de Interiores, CortinadosCores: Branco; Perola; bege Claro; Bege, Cinza Claro; Cinza EscuroLargura: 3.20 mtsComposi\u00e7\u00e3o: 1..<\/p>\n\t\t\t\t\t\t\t\t\t\t\t\t\t\t\t\t\t\t\t\t\t\t\t\t\t\t<\/div>\n\t\t\t\t\t\t\t<\/div>\n\t\t\t\t\t\t\t\n\t\t\t\t\t\t<\/div>\n\t\t\t\t\t\t\n\t\t\t\t\t<\/div>\n\t\t\t\t<\/div>\n\t\t\t<\/div>\n\t\t\t\t\t<div class=\"product-layout product-list col-xs-12 product-items\">\n\t\t\t\t<div class=\"product-thumb\">\n\t\t\t\t\t<div class=\"product-item\">\t\n\t\t\t\t\t\t\n\t\t\t\t\t\t\t\t\t\t\t\t\t<div class=\"image swatches-image-container\">\n\t\t\t\t\t\t\t\t<div class=\"inner\">\n\t\t\t\t\t\t\t\t\t\t\t\t\t\t\t\t\t\t\t\t<div class=\"box-label\">\n\t\t\t\t\t\t\t\t\t\t\t\t\t\t\t\t\t\t\t\t\t\t\t\t\t\t\t\t\t\t\t\t\t\t\t<\/div>\n\t\t\t\t\t\t\t\t\t\t\t\t\t\t\t\t\t\t<a href=\"https:\/\/acortinadecoracoes.com\/por-medida?product_id=221\">\n\t\t\t\t\t\t\t\t\t\t<img src=\"https:\/\/acortinadecoracoes.com\/image\/cache\/catalog\/products_2025\/sala_1-600x600.jpg\"  alt=\"Cortinado Onda\" title=\"Cortinado Onda\"\n\t\t\t\t\t\t\t\t\t\t\t class=\"img-responsive img-cate-221\" \/>\n\t\t\t\t\t\t\t\t\t\t<input type=\"hidden\" value=\"https:\/\/acortinadecoracoes.com\/image\/cache\/catalog\/products_2025\/sala_1-600x600.jpg\" class=\"img-default-221\" \/>\n\t\t\t\t\t\t\t\t\t\t\t\t\t\t\t\t\t\t\t<\/a>\n\t\t\t\t\t\t\t\t\t<div class=\"quickview\">\n\t\t\t\t\t\t\t\t\t\t\t\t\t\t\t\t\t\t\t<\/div>\n\t\t\t\t\t\t\t\t\t\n\t\t\t\t\t\t\t\t\t\n\t\t\t\t\t\t\t\t<\/div>\n\t\t\t\t\t\t\t<\/div>\n\t\t\t\t\t\t\t\n\t\t\t\t\t\t\t\t\t\t\t\t\n\t\t\t\t\t\t<div class=\"caption\">\n\t\t\t\t\t\t\t<div class=\"inner\">\n\t\t\t\t\t\t\t\t\n\t\t\t\t\t\t\t\t\t\t\t\t\t\t\t\t\n\t\t\t\t\t\t\t\t<h4><a href=\"https:\/\/acortinadecoracoes.com\/por-medida?product_id=221\">Cortinado Onda<\/a><\/h4>\n\t\t\t\t\t\t\t\t\n\t\t\t\t\t\t\t\n\t\t\t\t\t\t\t\t\t\t\t\t\t\t\t\t\t<p class=\"price\"> \t\t\t\t\t\t\t\t\t\t\t0.00\u20ac\n\t\t\t\t\t\t\t\t\t\t\t\t\t\t\t\t\t\t\t\t <span class=\"price-tax\">Pre\u00e7o s\/ iva: 0.00\u20ac<\/span>  <\/p>\n\t\t\t\t\t\t\t\t\n\t\t\t\t\t\t\t\t<div class=\"box-hover\">\n\t\t\t\t\t\t\t\t\t\t\t\t\t\t\t\t\t\t\t\t\t\t\t\t\t\t\t\t\t\t\t\t\t\t\t\t\t\t\t\t\t\t\t\t\t\t\t\t\t\t\t\t\t\t\t\t<p class=\"product-description\">Cortinados por Medida no Tecido 2269Tecidos para Decora\u00e7\u00e3o de Interiores, CortinadosCores: Perola; Bege Claro; Cinza ClaroLargura: 3.20 mtsComposi\u00e7\u00e3o: 100% Poliester&nbsp;Acabament..<\/p>\n\t\t\t\t\t\t\t\t\t\t\t\t\t\t\t\t\t\t\t\t\t\t\t\t\t\t<\/div>\n\t\t\t\t\t\t\t<\/div>\n\t\t\t\t\t\t\t\n\t\t\t\t\t\t<\/div>\n\t\t\t\t\t\t\n\t\t\t\t\t<\/div>\n\t\t\t\t<\/div>\n\t\t\t<\/div>\n\t\t\t\t\t<div class=\"product-layout product-list col-xs-12 product-items\">\n\t\t\t\t<div class=\"product-thumb\">\n\t\t\t\t\t<div class=\"product-item\">\t\n\t\t\t\t\t\t\n\t\t\t\t\t\t\t\t\t\t\t\t\t<div class=\"image swatches-image-container\">\n\t\t\t\t\t\t\t\t<div class=\"inner\">\n\t\t\t\t\t\t\t\t\t\t\t\t\t\t\t\t\t\t\t\t<div class=\"box-label\">\n\t\t\t\t\t\t\t\t\t\t\t\t\t\t\t\t\t\t\t\t\t\t\t\t\t\t\t\t\t\t\t\t\t\t\t<\/div>\n\t\t\t\t\t\t\t\t\t\t\t\t\t\t\t\t\t\t<a href=\"https:\/\/acortinadecoracoes.com\/por-medida\/cortinas-por-medida-acortina\">\n\t\t\t\t\t\t\t\t\t\t<img src=\"https:\/\/acortinadecoracoes.com\/image\/cache\/catalog\/2026\/CORTINAS\/2025-11-29%20QUARTO%200-600x600.jpg\"  alt=\"Cortinado Onda\" title=\"Cortinado Onda\"\n\t\t\t\t\t\t\t\t\t\t\t class=\"img-responsive img-cate-373\" \/>\n\t\t\t\t\t\t\t\t\t\t<input type=\"hidden\" value=\"https:\/\/acortinadecoracoes.com\/image\/cache\/catalog\/2026\/CORTINAS\/2025-11-29%20QUARTO%200-600x600.jpg\" class=\"img-default-373\" \/>\n\t\t\t\t\t\t\t\t\t\t\t\t\t\t\t\t\t\t\t<\/a>\n\t\t\t\t\t\t\t\t\t<div class=\"quickview\">\n\t\t\t\t\t\t\t\t\t\t\t\t\t\t\t\t\t\t\t<\/div>\n\t\t\t\t\t\t\t\t\t\n\t\t\t\t\t\t\t\t\t\n\t\t\t\t\t\t\t\t<\/div>\n\t\t\t\t\t\t\t<\/div>\n\t\t\t\t\t\t\t\n\t\t\t\t\t\t\t\t\t\t\t\t\n\t\t\t\t\t\t<div class=\"caption\">\n\t\t\t\t\t\t\t<div class=\"inner\">\n\t\t\t\t\t\t\t\t\n\t\t\t\t\t\t\t\t\t\t\t\t\t\t\t\t\n\t\t\t\t\t\t\t\t<h4><a href=\"https:\/\/acortinadecoracoes.com\/por-medida\/cortinas-por-medida-acortina\">Cortinado Onda<\/a><\/h4>\n\t\t\t\t\t\t\t\t\n\t\t\t\t\t\t\t\n\t\t\t\t\t\t\t\t\t\t\t\t\t\t\t\t\t<p class=\"price\"> \t\t\t\t\t\t\t\t\t\t\t0.00\u20ac\n\t\t\t\t\t\t\t\t\t\t\t\t\t\t\t\t\t\t\t\t <span class=\"price-tax\">Pre\u00e7o s\/ iva: 0.00\u20ac<\/span>  <\/p>\n\t\t\t\t\t\t\t\t\n\t\t\t\t\t\t\t\t<div class=\"box-hover\">\n\t\t\t\t\t\t\t\t\t\t\t\t\t\t\t\t\t\t\t\t\t\t\t\t\t\t\t\t\t\t\t\t\t\t\t\t\t\t\t\t\t\t\t\t\t\t\t\t\t\t\t\t\t\t\t\t<p class=\"product-description\">aCortina (Cortinas por Medida)A aCortina \u00e9 especializada na cria\u00e7\u00e3o de cortinas por medida, combinando design, funcionalidade e acabamentos de alta qualidade. Cada projeto \u00e9 criado..<\/p>\n\t\t\t\t\t\t\t\t\t\t\t\t\t\t\t\t\t\t\t\t\t\t\t\t\t\t<\/div>\n\t\t\t\t\t\t\t<\/div>\n\t\t\t\t\t\t\t\n\t\t\t\t\t\t<\/div>\n\t\t\t\t\t\t\n\t\t\t\t\t<\/div>\n\t\t\t\t<\/div>\n\t\t\t<\/div>\n\t\t\t\t\t<div class=\"product-layout product-list col-xs-12 product-items\">\n\t\t\t\t<div class=\"product-thumb\">\n\t\t\t\t\t<div class=\"product-item\">\t\n\t\t\t\t\t\t\n\t\t\t\t\t\t\t\t\t\t\t\t\t<div class=\"image swatches-image-container\">\n\t\t\t\t\t\t\t\t<div class=\"inner\">\n\t\t\t\t\t\t\t\t\t\t\t\t\t\t\t\t\t\t\t\t<div class=\"box-label\">\n\t\t\t\t\t\t\t\t\t\t\t\t\t\t\t\t\t\t\t\t\t\t\t\t\t\t\t\t\t\t\t\t\t\t\t<\/div>\n\t\t\t\t\t\t\t\t\t\t\t\t\t\t\t\t\t\t<a href=\"https:\/\/acortinadecoracoes.com\/por-medida\/cortinas-por-medida-confe\u00e7\u00e3o\">\n\t\t\t\t\t\t\t\t\t\t<img src=\"https:\/\/acortinadecoracoes.com\/image\/cache\/catalog\/2026\/CORTINAS\/19-11-2025%20PATRICIA%20SENHORA%20DA%20HORA%200-600x600.jpg\"  alt=\"Cortinado Onda\" title=\"Cortinado Onda\"\n\t\t\t\t\t\t\t\t\t\t\t class=\"img-responsive img-cate-374\" \/>\n\t\t\t\t\t\t\t\t\t\t<input type=\"hidden\" value=\"https:\/\/acortinadecoracoes.com\/image\/cache\/catalog\/2026\/CORTINAS\/19-11-2025%20PATRICIA%20SENHORA%20DA%20HORA%200-600x600.jpg\" class=\"img-default-374\" \/>\n\t\t\t\t\t\t\t\t\t\t\t\t\t\t\t\t\t\t\t<\/a>\n\t\t\t\t\t\t\t\t\t<div class=\"quickview\">\n\t\t\t\t\t\t\t\t\t\t\t\t\t\t\t\t\t\t\t<\/div>\n\t\t\t\t\t\t\t\t\t\n\t\t\t\t\t\t\t\t\t\n\t\t\t\t\t\t\t\t<\/div>\n\t\t\t\t\t\t\t<\/div>\n\t\t\t\t\t\t\t\n\t\t\t\t\t\t\t\t\t\t\t\t\n\t\t\t\t\t\t<div class=\"caption\">\n\t\t\t\t\t\t\t<div class=\"inner\">\n\t\t\t\t\t\t\t\t\n\t\t\t\t\t\t\t\t\t\t\t\t\t\t\t\t\n\t\t\t\t\t\t\t\t<h4><a href=\"https:\/\/acortinadecoracoes.com\/por-medida\/cortinas-por-medida-confe\u00e7\u00e3o\">Cortinado Onda<\/a><\/h4>\n\t\t\t\t\t\t\t\t\n\t\t\t\t\t\t\t\n\t\t\t\t\t\t\t\t\t\t\t\t\t\t\t\t\t<p class=\"price\"> \t\t\t\t\t\t\t\t\t\t\t0.00\u20ac\n\t\t\t\t\t\t\t\t\t\t\t\t\t\t\t\t\t\t\t\t <span class=\"price-tax\">Pre\u00e7o s\/ iva: 0.00\u20ac<\/span>  <\/p>\n\t\t\t\t\t\t\t\t\n\t\t\t\t\t\t\t\t<div class=\"box-hover\">\n\t\t\t\t\t\t\t\t\t\t\t\t\t\t\t\t\t\t\t\t\t\t\t\t\t\t\t\t\t\t\t\t\t\t\t\t\t\t\t\t\t\t\t\t\t\t\t\t\t\t\t\t\t\t\t\t<p class=\"product-description\">aCortina (Cortinas por Medida)A aCortina \u00e9 especializada na cria\u00e7\u00e3o de cortinas por medida, combinando design, funcionalidade e acabamentos de alta qualidade. Cada projeto \u00e9 criado..<\/p>\n\t\t\t\t\t\t\t\t\t\t\t\t\t\t\t\t\t\t\t\t\t\t\t\t\t\t<\/div>\n\t\t\t\t\t\t\t<\/div>\n\t\t\t\t\t\t\t\n\t\t\t\t\t\t<\/div>\n\t\t\t\t\t\t\n\t\t\t\t\t<\/div>\n\t\t\t\t<\/div>\n\t\t\t<\/div>\n\t\t\t\t\t<div class=\"product-layout product-list col-xs-12 product-items\">\n\t\t\t\t<div class=\"product-thumb\">\n\t\t\t\t\t<div class=\"product-item\">\t\n\t\t\t\t\t\t\n\t\t\t\t\t\t\t\t\t\t\t\t\t<div class=\"image swatches-image-container\">\n\t\t\t\t\t\t\t\t<div class=\"inner\">\n\t\t\t\t\t\t\t\t\t\t\t\t\t\t\t\t\t\t\t\t<div class=\"box-label\">\n\t\t\t\t\t\t\t\t\t\t\t\t\t\t\t\t\t\t\t\t\t\t\t\t\t\t\t\t\t\t\t\t\t\t\t<\/div>\n\t\t\t\t\t\t\t\t\t\t\t\t\t\t\t\t\t\t<a href=\"https:\/\/acortinadecoracoes.com\/por-medida\/cortinados-medida\">\n\t\t\t\t\t\t\t\t\t\t<img src=\"https:\/\/acortinadecoracoes.com\/image\/cache\/catalog\/products_2024\/2024_03_29_ANABELA_JUMBO0-2-600x600.jpg\"  alt=\"Cortinado Onda\" title=\"Cortinado Onda\"\n\t\t\t\t\t\t\t\t\t\t\t class=\"img-responsive img-cate-150\" \/>\n\t\t\t\t\t\t\t\t\t\t<input type=\"hidden\" value=\"https:\/\/acortinadecoracoes.com\/image\/cache\/catalog\/products_2024\/2024_03_29_ANABELA_JUMBO0-2-600x600.jpg\" class=\"img-default-150\" \/>\n\t\t\t\t\t\t\t\t\t\t\t\t\t\t\t\t\t\t\t<\/a>\n\t\t\t\t\t\t\t\t\t<div class=\"quickview\">\n\t\t\t\t\t\t\t\t\t\t\t\t\t\t\t\t\t\t\t<\/div>\n\t\t\t\t\t\t\t\t\t\n\t\t\t\t\t\t\t\t\t\n\t\t\t\t\t\t\t\t<\/div>\n\t\t\t\t\t\t\t<\/div>\n\t\t\t\t\t\t\t\n\t\t\t\t\t\t\t\t\t\t\t\t\n\t\t\t\t\t\t<div class=\"caption\">\n\t\t\t\t\t\t\t<div class=\"inner\">\n\t\t\t\t\t\t\t\t\n\t\t\t\t\t\t\t\t\t\t\t\t\t\t\t\t\n\t\t\t\t\t\t\t\t<h4><a href=\"https:\/\/acortinadecoracoes.com\/por-medida\/cortinados-medida\">Cortinado Onda<\/a><\/h4>\n\t\t\t\t\t\t\t\t\n\t\t\t\t\t\t\t\n\t\t\t\t\t\t\t\t\t\t\t\t\t\t\t\t\t<p class=\"price\"> \t\t\t\t\t\t\t\t\t\t\t0.00\u20ac\n\t\t\t\t\t\t\t\t\t\t\t\t\t\t\t\t\t\t\t\t <span class=\"price-tax\">Pre\u00e7o s\/ iva: 0.00\u20ac<\/span>  <\/p>\n\t\t\t\t\t\t\t\t\n\t\t\t\t\t\t\t\t<div class=\"box-hover\">\n\t\t\t\t\t\t\t\t\t\t\t\t\t\t\t\t\t\t\t\t\t\t\t\t\t\t\t\t\t\t\t\t\t\t\t\t\t\t\t\t\t\t\t\t\t\t\t\t\t\t\t\t\t\t\t\t<p class=\"product-description\">Cortinados por Medida no Tecido 2875Tecidos para Decora\u00e7\u00e3o de Interiores, CortinadosCores: Perola; Bege Claro; Bege; Cinza Claro; Cinza Escuro&nbsp;Largura: 3.00 mtsComposi\u00e7\u00e3o: 100..<\/p>\n\t\t\t\t\t\t\t\t\t\t\t\t\t\t\t\t\t\t\t\t\t\t\t\t\t\t<\/div>\n\t\t\t\t\t\t\t<\/div>\n\t\t\t\t\t\t\t\n\t\t\t\t\t\t<\/div>\n\t\t\t\t\t\t\n\t\t\t\t\t<\/div>\n\t\t\t\t<\/div>\n\t\t\t<\/div>\n\t\t\t\t\t<div class=\"product-layout product-list col-xs-12 product-items\">\n\t\t\t\t<div class=\"product-thumb\">\n\t\t\t\t\t<div class=\"product-item\">\t\n\t\t\t\t\t\t\n\t\t\t\t\t\t\t\t\t\t\t\t\t<div class=\"image swatches-image-container\">\n\t\t\t\t\t\t\t\t<div class=\"inner\">\n\t\t\t\t\t\t\t\t\t\t\t\t\t\t\t\t\t\t\t\t<div class=\"box-label\">\n\t\t\t\t\t\t\t\t\t\t\t\t\t\t\t\t\t\t\t\t\t\t\t\t\t\t\t\t\t\t\t\t\t\t\t<\/div>\n\t\t\t\t\t\t\t\t\t\t\t\t\t\t\t\t\t\t<a href=\"https:\/\/acortinadecoracoes.com\/por-medida\/confeccao-de-cortinas-por-medida\">\n\t\t\t\t\t\t\t\t\t\t<img src=\"https:\/\/acortinadecoracoes.com\/image\/cache\/catalog\/2026\/CORTINAS\/SALA%201-600x600.png\"  alt=\"Cortinado Onda\" title=\"Cortinado Onda\"\n\t\t\t\t\t\t\t\t\t\t\t class=\"img-responsive img-cate-372\" \/>\n\t\t\t\t\t\t\t\t\t\t<input type=\"hidden\" value=\"https:\/\/acortinadecoracoes.com\/image\/cache\/catalog\/2026\/CORTINAS\/SALA%201-600x600.png\" class=\"img-default-372\" \/>\n\t\t\t\t\t\t\t\t\t\t\t\t\t\t\t\t\t\t\t<\/a>\n\t\t\t\t\t\t\t\t\t<div class=\"quickview\">\n\t\t\t\t\t\t\t\t\t\t\t\t\t\t\t\t\t\t\t<\/div>\n\t\t\t\t\t\t\t\t\t\n\t\t\t\t\t\t\t\t\t\n\t\t\t\t\t\t\t\t<\/div>\n\t\t\t\t\t\t\t<\/div>\n\t\t\t\t\t\t\t\n\t\t\t\t\t\t\t\t\t\t\t\t\n\t\t\t\t\t\t<div class=\"caption\">\n\t\t\t\t\t\t\t<div class=\"inner\">\n\t\t\t\t\t\t\t\t\n\t\t\t\t\t\t\t\t\t\t\t\t\t\t\t\t\n\t\t\t\t\t\t\t\t<h4><a href=\"https:\/\/acortinadecoracoes.com\/por-medida\/confeccao-de-cortinas-por-medida\">Cortinado Onda<\/a><\/h4>\n\t\t\t\t\t\t\t\t\n\t\t\t\t\t\t\t\n\t\t\t\t\t\t\t\t\t\t\t\t\t\t\t\t\t<p class=\"price\"> \t\t\t\t\t\t\t\t\t\t\t0.00\u20ac\n\t\t\t\t\t\t\t\t\t\t\t\t\t\t\t\t\t\t\t\t <span class=\"price-tax\">Pre\u00e7o s\/ iva: 0.00\u20ac<\/span>  <\/p>\n\t\t\t\t\t\t\t\t\n\t\t\t\t\t\t\t\t<div class=\"box-hover\">\n\t\t\t\t\t\t\t\t\t\t\t\t\t\t\t\t\t\t\t\t\t\t\t\t\t\t\t\t\t\t\t\t\t\t\t\t\t\t\t\t\t\t\t\t\t\t\t\t\t\t\t\t\t\t\t\t<p class=\"product-description\">aCortina (Cortinas por Medida)\r\nNa aCortina, acreditamos que cada espa\u00e7o merece um toque \u00fanico. Por isso, somos especialistas em cortinas por medida, criadas para transformar qualq..<\/p>\n\t\t\t\t\t\t\t\t\t\t\t\t\t\t\t\t\t\t\t\t\t\t\t\t\t\t<\/div>\n\t\t\t\t\t\t\t<\/div>\n\t\t\t\t\t\t\t\n\t\t\t\t\t\t<\/div>\n\t\t\t\t\t\t\n\t\t\t\t\t<\/div>\n\t\t\t\t<\/div>\n\t\t\t<\/div>\n\t\t\t<\/div>\n\t<div class=\"tool-bar-bottom\">\n\t\t<div class=\"row \">\n\t\t\t\t\t\t\t<div class=\"col-sm-6 text-left ajax_pagination\"><ul class=\"pagination\"><li class=\"active\"><span>1<\/span><\/li><li><a href=\"https:\/\/acortinadecoracoes.com\/index.php?route=plaza\/filter\/category&path=69&page=2\">2<\/a><\/li><li><a href=\"https:\/\/acortinadecoracoes.com\/index.php?route=plaza\/filter\/category&path=69&page=3\">3<\/a><\/li><li><a href=\"https:\/\/acortinadecoracoes.com\/index.php?route=plaza\/filter\/category&path=69&page=4\">4<\/a><\/li><li><a href=\"https:\/\/acortinadecoracoes.com\/index.php?route=plaza\/filter\/category&path=69&page=2\">&rsaquo;<\/a><\/li><li><a href=\"https:\/\/acortinadecoracoes.com\/index.php?route=plaza\/filter\/category&path=69&page=4\">&raquo;<\/a><\/li><\/ul><\/div>\n\t\t\t\t\t\t<div class=\"col-sm-6 text-right\">Exibindo 1 a 12 de 39 (4 P\u00e1ginas)<\/div>\n\t\t<\/div>\n\t<\/div>\n\n<script type=\"text\/javascript\">\n    \/\/ Product List\n    $('#list-view').click(function() {\n        $('#content .product-grid > .clearfix').remove();\n\n        $('#content .row > .product-grid').attr('class', 'product-layout product-list col-xs-12');\n        $('#grid-view').removeClass('active');\n        $('#list-view').addClass('active');\n\n        localStorage.setItem('display', 'list');\n    });\n\n    \/\/ Product Grid\n    $('#grid-view').click(function() {\n        var cols = $('#column-right, #column-left').length;\n\n        if (cols == 2) {\n            $('#content .product-list').attr('class', 'product-layout product-grid col-lg-6 col-md-6 col-sm-12 col-xs-12');\n        } else if (cols == 1) {\n            $('#content .product-list').attr('class', 'product-layout product-grid col-lg-4 col-md-4 col-sm-6 col-xs-12');\n        } else {\n            $('#content .product-list').attr('class', 'product-layout product-grid col-lg-3 col-md-3 col-sm-6 col-xs-12');\n        }\n\n        $('#list-view').removeClass('active');\n        $('#grid-view').addClass('active');\n\n        localStorage.setItem('display', 'grid');\n    });\n<\/script>","filter_action":"https:\/\/acortinadecoracoes.com\/index.php?route=plaza\/filter\/category&path=69","price_action":"https:\/\/acortinadecoracoes.com\/index.php?route=plaza\/filter\/category&path=69","layered_html":"<div class=\"list-group\">\n    <div class=\"filter-attribute-container filter-attribute-remove-container\">\n                            <\/div>\n    <div class=\"filter-attribute-container\">\n        <label>Price<\/label>\n        <div class=\"list-group-item\">\n            <div class=\"filter-price\">\n                <div id=\"slider-price\"><\/div>\n                <div class=\"slider-values\">\n                    <span><\/span>\n                    <input id=\"price-from\" disabled=\"disabled\" class=\"input-price\" type=\"text\" value=\"0\" placeholder=\"Min\" name=\"price-from\"\/>\n                    <span>\u20ac<\/span><em>-<\/em>\n                    <span><\/span>\n                    <input id=\"price-to\" disabled=\"disabled\" class=\"input-price\" type=\"text\" value=\"0\" placeholder=\"Max\" name=\"price-to\" \/>\n                    <span>\u20ac<\/span>\n                <\/div>\n            <\/div>\n        <\/div>\n    <\/div>\n    <\/div>"}